{"id":1179,"date":"2021-03-17T13:19:41","date_gmt":"2021-03-17T12:19:41","guid":{"rendered":"https:\/\/ebone.es\/catedra\/?p=1179"},"modified":"2021-03-17T13:29:51","modified_gmt":"2021-03-17T12:29:51","slug":"la-fiebre-del-padel","status":"publish","type":"post","link":"https:\/\/ebone.es\/catedra\/la-fiebre-del-padel\/","title":{"rendered":"La fiebre del p\u00e1del"},"content":{"rendered":"<p><strong>La fiebre del p\u00e1del<\/strong><\/p>\n<p>El p\u00e1del, ha sido uno de los deportes que m\u00e1s ha destacado en los \u00faltimos a\u00f1os en Espa\u00f1a, ha dejado de ser un deporte practicado por pocas personas, para convertirse en el segundo deporte m\u00e1s practicado de Espa\u00f1a.<\/p>\n<p>En julio de 1991 se constituy\u00f3 la Federaci\u00f3n Internacional de P\u00e1del, presidida por Julio Alegr\u00eda Artiach.<\/p>\n<p>Durante ese mismo a\u00f1o se organizaron circuitos de partidos de p\u00e1del internacionales, y se empezaron a asentar las bases del p\u00e1del gracias al reglamento a nivel internacional que se cre\u00f3.<\/p>\n<p>Durante los a\u00f1os 90 fue cuando el p\u00e1del empez\u00f3 a atraer a m\u00e1s personas debido a que durante esa d\u00e9cada, fueron numerosos pol\u00edticos y empresarios comenzaron a aficionarse al deporte, teniendo mayor repercusi\u00f3n en prensa y poco a poco haciendo que fuese el deporte de moda.<\/p>\n<p>Si miramos ahora, las pistas <span style=\"font-weight: 300;\">de p\u00e1del se encu<\/span><span style=\"font-weight: 300;\">entran llenas incluso en estas fechas y con las restricciones que existen, ya que como veremos, es uno de los deportes que mejor ha sobrevivido a todas las restricciones que se han hecho.<\/span><\/p>\n<p><strong>El p\u00e1del y su industria<\/strong><\/p>\n<p>Actualmente hay m\u00e1s de 2.000 instalaciones para jugar al p\u00e1del por toda Espa\u00f1a, incluyendo clubes, polideportivos y pistas privadas. N\u00fameros que aumentan cada a\u00f1o debido a todo lo que mueve el mundo del p\u00e1del, que incluso en estos tiempos de incertidumbre y restricciones, sigue en aumento.<\/p>\n<p><img fetchpriority=\"high\" decoding=\"async\" class=\"alignnone wp-image-1182 aligncenter\" src=\"https:\/\/ebone.es\/catedra\/wp-content\/uploads\/2021\/03\/sport-1499674_1920-300x200.jpg\" alt=\"\" width=\"471\" height=\"320\" \/><\/p>\n<p>Si hablamos de cifras en cuanto al equipamiento deportivo (palas, zapatillas, ropa y accesorios) con respecto al p\u00e1del se refiere, tenemos que saber que se ha producido un incremento del 200% durante los \u00faltimos a\u00f1os. Esto se debe a que se encuentra en continuo crecimiento, y a su vez mayor n\u00famero de tiendas f\u00edsicas y tiendas online especializadas que se dedican a la comercializaci\u00f3n del equipamiento.<\/p>\n<p>Estamos hablando de un deporte que durante los a\u00f1os 2009 y 2019 su n\u00famero de fichas aument\u00f3 un 283%, es normal que los n\u00fameros en ventas de equipamiento deportivo para p\u00e1del hayan aumentado exageradamente durante estos a\u00f1os. En Andaluc\u00eda hay datos de que su aumento se ha producido en un 28% durante los \u00faltimos a\u00f1os.<\/p>\n<p>Aunque ahora mismo las estad\u00edsticas nos arrojan datos de que el 65% de los participantes son hombres y el 35% son mujeres, tambi\u00e9n hay datos que dicen que cada a\u00f1o un 10% m\u00e1s de mujeres practican p\u00e1del, por lo tanto, el incremento de material y equipamiento deportivo femenino se encuentra ahora en mayor auge que nunca.<\/p>\n<p>Uno de los datos m\u00e1s curiosos del p\u00e1del es lo bien que ha sufrido a la pandemia y a todas las restricciones que se han producido, puesto que muchos otros deportes se encuentran o bien cancelados o con muchas restricciones, mientras que seg\u00fan datos y entrevistas que se han producido, ahora mismo las pistas de p\u00e1del se encuentran desbordadas.<\/p>\n<p>Se habla de horas como de 13:30 a 16:30 donde siempre exist\u00eda un vac\u00edo, ahora son horas que se encuentran ocupadas debido a que las personas han preferido cambiar su horario debido a la poca disponibilidad que existe de las pistas, teniendo que hacer reservas con d\u00edas o semanas de antelaci\u00f3n.<\/p>\n<p>&nbsp;<\/p>\n<p><strong>La pala supera a la raqueta<\/strong><\/p>\n<p>El p\u00e1del ha dejado de ser un deporte elitista, practicado por pocas personas.<\/p>\n<p><img decoding=\"async\" class=\" wp-image-1184 aligncenter\" style=\"color: #333333; font-style: normal; font-weight: 300;\" src=\"https:\/\/ebone.es\/catedra\/wp-content\/uploads\/2021\/03\/manuel-pappacena-zTwzxr4BbTA-unsplash-1-300x200.jpg\" alt=\"\" width=\"468\" height=\"318\" \/><\/p>\n<p>Con todo el cambio mencionado que se ha producido en el deporte del p\u00e1del, por n\u00fameros, se estudiaba la posibilidad que fuera el deporte m\u00e1s practicado despu\u00e9s del f\u00fatbol, llegando a superar a deportes como baloncesto y tenis.<\/p>\n<p>Seg\u00fan los datos del Consejo Superior de Deportes (CSD)<a href=\"https:\/\/www.csd.gob.es\/es\/federaciones-y-asociaciones\/federaciones-deportivas-espanolas\/licencias\">,<\/a> sum\u00f3 75.818 licencias en 2019, 4.727 m\u00e1s que el tenis. Fue cuando se produjo el primer gran golpe al tenis, ya que fue la primera vez en la historia en la que el p\u00e1del supera al tenis en licencias.<\/p>\n<p>Son datos que se ve\u00edan venir puesto que a\u00f1os anteriores ya eran mayores las ventas de palas que las ventas de raquetas, cambio que empez\u00f3 a ser mucho mayor en 2014, pero siendo en 2019 donde no s\u00f3lo se ve\u00edan datos en equipamiento deportivo vendido, ya se puede comprobar en el n\u00famero de licencias como hemos dicho anteriormente.<\/p>\n<p>Sorprendente que el mundo del tenis haya sido superado por el mundo del p\u00e1del, y para m\u00e1s con un dato curioso, cuando fue el extenista Manolo Santana, uno de los mayores impulsores del p\u00e1del en sus inicios por Espa\u00f1a.<\/p>\n<p>Son muchos los datos que cada vez m\u00e1s nos arrojan las estad\u00edsticas, cada vez m\u00e1s curiosos que nos hacen pensar que este deporte considerado uno de los m\u00e1s seguros en los momentos que nos encontramos, haya sido el m\u00e1s beneficiado por la pandemia, y que su industria siga creciendo a este nivel tan agigantado.<\/p>\n<p>&nbsp;<\/p>\n","protected":false},"excerpt":{"rendered":"<p>La fiebre del p\u00e1del El p\u00e1del, ha sido uno de los deportes que m\u00e1s ha destacado en los \u00faltimos a\u00f1os en Espa\u00f1a, ha dejado de ser un deporte practicado por pocas personas, para convertirse en el segundo deporte m\u00e1s practicado de Espa\u00f1a. En julio de 1991 se constituy\u00f3 la Federaci\u00f3n Internacional de P\u00e1del, presidida por [&hellip;]<\/p>\n","protected":false},"author":1,"featured_media":1180,"comment_status":"closed","ping_status":"closed","sticky":false,"template":"","format":"standard","meta":{"footnotes":""},"categories":[1],"tags":[],"class_list":["post-1179","post","type-post","status-publish","format-standard","has-post-thumbnail","hentry","category-cide"],"yoast_head":"<!-- This site is optimized with the Yoast SEO plugin v27.2 - https:\/\/yoast.com\/product\/yoast-seo-wordpress\/ -->\n<title>La fiebre del p\u00e1del | C\u00e1tedra Innovaci\u00f3n Deportiva Ebone<\/title>\n<meta name=\"robots\" content=\"index, follow, max-snippet:-1, max-image-preview:large, max-video-preview:-1\" \/>\n<link rel=\"canonical\" href=\"https:\/\/ebone.es\/catedra\/la-fiebre-del-padel\/\" \/>\n<meta property=\"og:locale\" content=\"es_ES\" \/>\n<meta property=\"og:type\" content=\"article\" \/>\n<meta property=\"og:title\" content=\"La fiebre del p\u00e1del | C\u00e1tedra Innovaci\u00f3n Deportiva Ebone\" \/>\n<meta property=\"og:description\" content=\"La fiebre del p\u00e1del El p\u00e1del, ha sido uno de los deportes que m\u00e1s ha destacado en los \u00faltimos a\u00f1os en Espa\u00f1a, ha dejado de ser un deporte practicado por pocas personas, para convertirse en el segundo deporte m\u00e1s practicado de Espa\u00f1a. En julio de 1991 se constituy\u00f3 la Federaci\u00f3n Internacional de P\u00e1del, presidida por [&hellip;]\" \/>\n<meta property=\"og:url\" content=\"https:\/\/ebone.es\/catedra\/la-fiebre-del-padel\/\" \/>\n<meta property=\"og:site_name\" content=\"C\u00e1tedra Innovaci\u00f3n Deportiva Ebone\" \/>\n<meta property=\"article:published_time\" content=\"2021-03-17T12:19:41+00:00\" \/>\n<meta property=\"article:modified_time\" content=\"2021-03-17T12:29:51+00:00\" \/>\n<meta property=\"og:image\" content=\"https:\/\/ebone.es\/catedra\/wp-content\/uploads\/2021\/03\/Banner-Blog-padel2.jpg\" \/>\n\t<meta property=\"og:image:width\" content=\"740\" \/>\n\t<meta property=\"og:image:height\" content=\"500\" \/>\n\t<meta property=\"og:image:type\" content=\"image\/jpeg\" \/>\n<meta name=\"author\" content=\"admin@catedra\" \/>\n<meta name=\"twitter:card\" content=\"summary_large_image\" \/>\n<meta name=\"twitter:label1\" content=\"Escrito por\" \/>\n\t<meta name=\"twitter:data1\" content=\"admin@catedra\" \/>\n\t<meta name=\"twitter:label2\" content=\"Tiempo de lectura\" \/>\n\t<meta name=\"twitter:data2\" content=\"4 minutos\" \/>\n<script type=\"application\/ld+json\" class=\"yoast-schema-graph\">{\"@context\":\"https:\/\/schema.org\",\"@graph\":[{\"@type\":\"Article\",\"@id\":\"https:\/\/ebone.es\/catedra\/la-fiebre-del-padel\/#article\",\"isPartOf\":{\"@id\":\"https:\/\/ebone.es\/catedra\/la-fiebre-del-padel\/\"},\"author\":{\"name\":\"admin@catedra\",\"@id\":\"https:\/\/ebone.es\/catedra\/#\/schema\/person\/41c5366ebf1fc063f2685f8cb1e836a6\"},\"headline\":\"La fiebre del p\u00e1del\",\"datePublished\":\"2021-03-17T12:19:41+00:00\",\"dateModified\":\"2021-03-17T12:29:51+00:00\",\"mainEntityOfPage\":{\"@id\":\"https:\/\/ebone.es\/catedra\/la-fiebre-del-padel\/\"},\"wordCount\":834,\"publisher\":{\"@id\":\"https:\/\/ebone.es\/catedra\/#organization\"},\"image\":{\"@id\":\"https:\/\/ebone.es\/catedra\/la-fiebre-del-padel\/#primaryimage\"},\"thumbnailUrl\":\"https:\/\/ebone.es\/catedra\/wp-content\/uploads\/2021\/03\/Banner-Blog-padel2.jpg\",\"articleSection\":[\"CIDE\"],\"inLanguage\":\"es\"},{\"@type\":\"WebPage\",\"@id\":\"https:\/\/ebone.es\/catedra\/la-fiebre-del-padel\/\",\"url\":\"https:\/\/ebone.es\/catedra\/la-fiebre-del-padel\/\",\"name\":\"La fiebre del p\u00e1del | C\u00e1tedra Innovaci\u00f3n Deportiva Ebone\",\"isPartOf\":{\"@id\":\"https:\/\/ebone.es\/catedra\/#website\"},\"primaryImageOfPage\":{\"@id\":\"https:\/\/ebone.es\/catedra\/la-fiebre-del-padel\/#primaryimage\"},\"image\":{\"@id\":\"https:\/\/ebone.es\/catedra\/la-fiebre-del-padel\/#primaryimage\"},\"thumbnailUrl\":\"https:\/\/ebone.es\/catedra\/wp-content\/uploads\/2021\/03\/Banner-Blog-padel2.jpg\",\"datePublished\":\"2021-03-17T12:19:41+00:00\",\"dateModified\":\"2021-03-17T12:29:51+00:00\",\"breadcrumb\":{\"@id\":\"https:\/\/ebone.es\/catedra\/la-fiebre-del-padel\/#breadcrumb\"},\"inLanguage\":\"es\",\"potentialAction\":[{\"@type\":\"ReadAction\",\"target\":[\"https:\/\/ebone.es\/catedra\/la-fiebre-del-padel\/\"]}]},{\"@type\":\"ImageObject\",\"inLanguage\":\"es\",\"@id\":\"https:\/\/ebone.es\/catedra\/la-fiebre-del-padel\/#primaryimage\",\"url\":\"https:\/\/ebone.es\/catedra\/wp-content\/uploads\/2021\/03\/Banner-Blog-padel2.jpg\",\"contentUrl\":\"https:\/\/ebone.es\/catedra\/wp-content\/uploads\/2021\/03\/Banner-Blog-padel2.jpg\",\"width\":740,\"height\":500},{\"@type\":\"BreadcrumbList\",\"@id\":\"https:\/\/ebone.es\/catedra\/la-fiebre-del-padel\/#breadcrumb\",\"itemListElement\":[{\"@type\":\"ListItem\",\"position\":1,\"name\":\"Portada\",\"item\":\"https:\/\/ebone.es\/catedra\/\"},{\"@type\":\"ListItem\",\"position\":2,\"name\":\"La fiebre del p\u00e1del\"}]},{\"@type\":\"WebSite\",\"@id\":\"https:\/\/ebone.es\/catedra\/#website\",\"url\":\"https:\/\/ebone.es\/catedra\/\",\"name\":\"C\u00e1tedra Innovaci\u00f3n Deportiva Ebone\",\"description\":\"\",\"publisher\":{\"@id\":\"https:\/\/ebone.es\/catedra\/#organization\"},\"potentialAction\":[{\"@type\":\"SearchAction\",\"target\":{\"@type\":\"EntryPoint\",\"urlTemplate\":\"https:\/\/ebone.es\/catedra\/?s={search_term_string}\"},\"query-input\":{\"@type\":\"PropertyValueSpecification\",\"valueRequired\":true,\"valueName\":\"search_term_string\"}}],\"inLanguage\":\"es\"},{\"@type\":\"Organization\",\"@id\":\"https:\/\/ebone.es\/catedra\/#organization\",\"name\":\"C\u00e1tedra en Innovaci\u00f3n Deportiva Ebone\",\"url\":\"https:\/\/ebone.es\/catedra\/\",\"logo\":{\"@type\":\"ImageObject\",\"inLanguage\":\"es\",\"@id\":\"https:\/\/ebone.es\/catedra\/#\/schema\/logo\/image\/\",\"url\":\"https:\/\/ebone.es\/catedra\/wp-content\/uploads\/2019\/07\/logo-sticky.png\",\"contentUrl\":\"https:\/\/ebone.es\/catedra\/wp-content\/uploads\/2019\/07\/logo-sticky.png\",\"width\":183,\"height\":51,\"caption\":\"C\u00e1tedra en Innovaci\u00f3n Deportiva Ebone\"},\"image\":{\"@id\":\"https:\/\/ebone.es\/catedra\/#\/schema\/logo\/image\/\"}},{\"@type\":\"Person\",\"@id\":\"https:\/\/ebone.es\/catedra\/#\/schema\/person\/41c5366ebf1fc063f2685f8cb1e836a6\",\"name\":\"admin@catedra\",\"image\":{\"@type\":\"ImageObject\",\"inLanguage\":\"es\",\"@id\":\"https:\/\/secure.gravatar.com\/avatar\/e4682fd1bb16328ad8e87b723e478d68cf9d2053b26b9af87839a2575639ba4f?s=96&d=mm&r=g\",\"url\":\"https:\/\/secure.gravatar.com\/avatar\/e4682fd1bb16328ad8e87b723e478d68cf9d2053b26b9af87839a2575639ba4f?s=96&d=mm&r=g\",\"contentUrl\":\"https:\/\/secure.gravatar.com\/avatar\/e4682fd1bb16328ad8e87b723e478d68cf9d2053b26b9af87839a2575639ba4f?s=96&d=mm&r=g\",\"caption\":\"admin@catedra\"}}]}<\/script>\n<!-- \/ Yoast SEO plugin. -->","yoast_head_json":{"title":"La fiebre del p\u00e1del | C\u00e1tedra Innovaci\u00f3n Deportiva Ebone","robots":{"index":"index","follow":"follow","max-snippet":"max-snippet:-1","max-image-preview":"max-image-preview:large","max-video-preview":"max-video-preview:-1"},"canonical":"https:\/\/ebone.es\/catedra\/la-fiebre-del-padel\/","og_locale":"es_ES","og_type":"article","og_title":"La fiebre del p\u00e1del | C\u00e1tedra Innovaci\u00f3n Deportiva Ebone","og_description":"La fiebre del p\u00e1del El p\u00e1del, ha sido uno de los deportes que m\u00e1s ha destacado en los \u00faltimos a\u00f1os en Espa\u00f1a, ha dejado de ser un deporte practicado por pocas personas, para convertirse en el segundo deporte m\u00e1s practicado de Espa\u00f1a. En julio de 1991 se constituy\u00f3 la Federaci\u00f3n Internacional de P\u00e1del, presidida por [&hellip;]","og_url":"https:\/\/ebone.es\/catedra\/la-fiebre-del-padel\/","og_site_name":"C\u00e1tedra Innovaci\u00f3n Deportiva Ebone","article_published_time":"2021-03-17T12:19:41+00:00","article_modified_time":"2021-03-17T12:29:51+00:00","og_image":[{"width":740,"height":500,"url":"https:\/\/ebone.es\/catedra\/wp-content\/uploads\/2021\/03\/Banner-Blog-padel2.jpg","type":"image\/jpeg"}],"author":"admin@catedra","twitter_card":"summary_large_image","twitter_misc":{"Escrito por":"admin@catedra","Tiempo de lectura":"4 minutos"},"schema":{"@context":"https:\/\/schema.org","@graph":[{"@type":"Article","@id":"https:\/\/ebone.es\/catedra\/la-fiebre-del-padel\/#article","isPartOf":{"@id":"https:\/\/ebone.es\/catedra\/la-fiebre-del-padel\/"},"author":{"name":"admin@catedra","@id":"https:\/\/ebone.es\/catedra\/#\/schema\/person\/41c5366ebf1fc063f2685f8cb1e836a6"},"headline":"La fiebre del p\u00e1del","datePublished":"2021-03-17T12:19:41+00:00","dateModified":"2021-03-17T12:29:51+00:00","mainEntityOfPage":{"@id":"https:\/\/ebone.es\/catedra\/la-fiebre-del-padel\/"},"wordCount":834,"publisher":{"@id":"https:\/\/ebone.es\/catedra\/#organization"},"image":{"@id":"https:\/\/ebone.es\/catedra\/la-fiebre-del-padel\/#primaryimage"},"thumbnailUrl":"https:\/\/ebone.es\/catedra\/wp-content\/uploads\/2021\/03\/Banner-Blog-padel2.jpg","articleSection":["CIDE"],"inLanguage":"es"},{"@type":"WebPage","@id":"https:\/\/ebone.es\/catedra\/la-fiebre-del-padel\/","url":"https:\/\/ebone.es\/catedra\/la-fiebre-del-padel\/","name":"La fiebre del p\u00e1del | C\u00e1tedra Innovaci\u00f3n Deportiva Ebone","isPartOf":{"@id":"https:\/\/ebone.es\/catedra\/#website"},"primaryImageOfPage":{"@id":"https:\/\/ebone.es\/catedra\/la-fiebre-del-padel\/#primaryimage"},"image":{"@id":"https:\/\/ebone.es\/catedra\/la-fiebre-del-padel\/#primaryimage"},"thumbnailUrl":"https:\/\/ebone.es\/catedra\/wp-content\/uploads\/2021\/03\/Banner-Blog-padel2.jpg","datePublished":"2021-03-17T12:19:41+00:00","dateModified":"2021-03-17T12:29:51+00:00","breadcrumb":{"@id":"https:\/\/ebone.es\/catedra\/la-fiebre-del-padel\/#breadcrumb"},"inLanguage":"es","potentialAction":[{"@type":"ReadAction","target":["https:\/\/ebone.es\/catedra\/la-fiebre-del-padel\/"]}]},{"@type":"ImageObject","inLanguage":"es","@id":"https:\/\/ebone.es\/catedra\/la-fiebre-del-padel\/#primaryimage","url":"https:\/\/ebone.es\/catedra\/wp-content\/uploads\/2021\/03\/Banner-Blog-padel2.jpg","contentUrl":"https:\/\/ebone.es\/catedra\/wp-content\/uploads\/2021\/03\/Banner-Blog-padel2.jpg","width":740,"height":500},{"@type":"BreadcrumbList","@id":"https:\/\/ebone.es\/catedra\/la-fiebre-del-padel\/#breadcrumb","itemListElement":[{"@type":"ListItem","position":1,"name":"Portada","item":"https:\/\/ebone.es\/catedra\/"},{"@type":"ListItem","position":2,"name":"La fiebre del p\u00e1del"}]},{"@type":"WebSite","@id":"https:\/\/ebone.es\/catedra\/#website","url":"https:\/\/ebone.es\/catedra\/","name":"C\u00e1tedra Innovaci\u00f3n Deportiva Ebone","description":"","publisher":{"@id":"https:\/\/ebone.es\/catedra\/#organization"},"potentialAction":[{"@type":"SearchAction","target":{"@type":"EntryPoint","urlTemplate":"https:\/\/ebone.es\/catedra\/?s={search_term_string}"},"query-input":{"@type":"PropertyValueSpecification","valueRequired":true,"valueName":"search_term_string"}}],"inLanguage":"es"},{"@type":"Organization","@id":"https:\/\/ebone.es\/catedra\/#organization","name":"C\u00e1tedra en Innovaci\u00f3n Deportiva Ebone","url":"https:\/\/ebone.es\/catedra\/","logo":{"@type":"ImageObject","inLanguage":"es","@id":"https:\/\/ebone.es\/catedra\/#\/schema\/logo\/image\/","url":"https:\/\/ebone.es\/catedra\/wp-content\/uploads\/2019\/07\/logo-sticky.png","contentUrl":"https:\/\/ebone.es\/catedra\/wp-content\/uploads\/2019\/07\/logo-sticky.png","width":183,"height":51,"caption":"C\u00e1tedra en Innovaci\u00f3n Deportiva Ebone"},"image":{"@id":"https:\/\/ebone.es\/catedra\/#\/schema\/logo\/image\/"}},{"@type":"Person","@id":"https:\/\/ebone.es\/catedra\/#\/schema\/person\/41c5366ebf1fc063f2685f8cb1e836a6","name":"admin@catedra","image":{"@type":"ImageObject","inLanguage":"es","@id":"https:\/\/secure.gravatar.com\/avatar\/e4682fd1bb16328ad8e87b723e478d68cf9d2053b26b9af87839a2575639ba4f?s=96&d=mm&r=g","url":"https:\/\/secure.gravatar.com\/avatar\/e4682fd1bb16328ad8e87b723e478d68cf9d2053b26b9af87839a2575639ba4f?s=96&d=mm&r=g","contentUrl":"https:\/\/secure.gravatar.com\/avatar\/e4682fd1bb16328ad8e87b723e478d68cf9d2053b26b9af87839a2575639ba4f?s=96&d=mm&r=g","caption":"admin@catedra"}}]}},"_links":{"self":[{"href":"https:\/\/ebone.es\/catedra\/wp-json\/wp\/v2\/posts\/1179","targetHints":{"allow":["GET"]}}],"collection":[{"href":"https:\/\/ebone.es\/catedra\/wp-json\/wp\/v2\/posts"}],"about":[{"href":"https:\/\/ebone.es\/catedra\/wp-json\/wp\/v2\/types\/post"}],"author":[{"embeddable":true,"href":"https:\/\/ebone.es\/catedra\/wp-json\/wp\/v2\/users\/1"}],"replies":[{"embeddable":true,"href":"https:\/\/ebone.es\/catedra\/wp-json\/wp\/v2\/comments?post=1179"}],"version-history":[{"count":1,"href":"https:\/\/ebone.es\/catedra\/wp-json\/wp\/v2\/posts\/1179\/revisions"}],"predecessor-version":[{"id":1185,"href":"https:\/\/ebone.es\/catedra\/wp-json\/wp\/v2\/posts\/1179\/revisions\/1185"}],"wp:featuredmedia":[{"embeddable":true,"href":"https:\/\/ebone.es\/catedra\/wp-json\/wp\/v2\/media\/1180"}],"wp:attachment":[{"href":"https:\/\/ebone.es\/catedra\/wp-json\/wp\/v2\/media?parent=1179"}],"wp:term":[{"taxonomy":"category","embeddable":true,"href":"https:\/\/ebone.es\/catedra\/wp-json\/wp\/v2\/categories?post=1179"},{"taxonomy":"post_tag","embeddable":true,"href":"https:\/\/ebone.es\/catedra\/wp-json\/wp\/v2\/tags?post=1179"}],"curies":[{"name":"wp","href":"https:\/\/api.w.org\/{rel}","templated":true}]}}