{"id":1160,"date":"2021-03-04T12:45:29","date_gmt":"2021-03-04T11:45:29","guid":{"rendered":"https:\/\/ebone.es\/catedra\/?p=1160"},"modified":"2021-04-12T10:26:15","modified_gmt":"2021-04-12T08:26:15","slug":"como-solucionar-el-estres-en-la-adolescencia","status":"publish","type":"post","link":"https:\/\/ebone.es\/catedra\/como-solucionar-el-estres-en-la-adolescencia\/","title":{"rendered":"C\u00f3mo solucionar el estr\u00e9s en la adolescencia"},"content":{"rendered":"<h1 data-block-id=\"block-9a7e7da3-8da5-44e2-a5fb-02fd3896cf65\"><strong>Reducir el estr\u00e9s de forma f\u00e1cil se puede conseguir, y depende de nosotros.<\/strong><\/h1>\n<div data-block-id=\"block-4d18b260-8c0b-4721-890c-0591d344c773\"><\/div>\n<h2>El estr\u00e9s en la sociedad<\/h2>\n<p data-block-id=\"block-507e5541-a178-4ee1-bc5c-7a5112025e38\">El estr\u00e9s es cada vez un riesgo mayor para nuestra salud, y m\u00e1s cuando no estamos \u00fanicamente hablando de un estr\u00e9s por trabajo, hablamos de un estr\u00e9s denominado como \u201ct\u00f3xico\u201d, debido a que se produce por situaciones que no se encuentran relacionadas con el trabajo.<\/p>\n<p data-block-id=\"block-91eb43d5-2565-40a7-be3a-632628ff8040\">Si nos paramos a pensar en nuestro d\u00eda a d\u00eda, vivimos en un ciclo constante de actividades poco saludables.<\/p>\n<p data-block-id=\"block-91eb43d5-2565-40a7-be3a-632628ff8040\">No comemos todo lo sano que deber\u00edamos, dormimos poco, se trabaja o estudia gran parte del d\u00eda y adem\u00e1s tenemos que a\u00f1adir todo el tiempo que dedicamos al m\u00f3vil al cabo del d\u00eda, sin ya hablar de las horas que perdemos en los desplazamientos, compras, comidas y dem\u00e1s actividades que realizamos durante la semana.<\/p>\n<p data-block-id=\"block-6a842c74-4c42-467f-a8a7-be13875894eb\"><img decoding=\"async\" class=\"ql-img\" src=\"https:\/\/t2520969.p.clickup-attachments.com\/t2520969\/d2d5b813-881c-41a9-a1f5-4ecfbd641a9f\/estres1.jpg\" data-id=\"d2d5b813-881c-41a9-a1f5-4ecfbd641a9f.jpg\" \/><\/p>\n<p><strong>Estudio sobre el estr\u00e9s en ni\u00f1os y adolescentes:<\/strong><\/p>\n<p>Como ya hemos mencionado, cuando se habla de estr\u00e9s en ni\u00f1os y adolescentes no se habla de estr\u00e9s laboral como los adultos, sino que tambi\u00e9n se puede hablar del estr\u00e9s escolar. No s\u00f3lo las notas, tambi\u00e9n el acoso, un problema que cada vez es m\u00e1s frecuente en los colegios.<\/p>\n<p>Hoy en d\u00eda la palabra estr\u00e9s se ha hecho muy com\u00fan entre adultos, pero \u00bfy los j\u00f3venes? Cada vez se han producido m\u00e1s estudios que hablan sobre el estr\u00e9s en la adolescencia y, a continuaci\u00f3n, vamos a ver los detalles del \u00faltimo estudio y las soluciones que podemos encontrar en nuestro d\u00eda a d\u00eda.<\/p>\n<p>Seg\u00fan el \u00faltimo estudio del Consejo Superior de Investigaciones Cient\u00edficas (CISC), el estr\u00e9s que se sufre durante la adolescencia puede ser condicionante para un deterioro de la memoria a largo plazo.<\/p>\n<p>Los resultados de este estudio indican que es la capacidad de recuperaci\u00f3n del nivel basal de corticosterona, el equivalente al cortisol, liberada en respuesta al estr\u00e9s repetido en la adolescencia, y no la cantidad de esta hormona, la que predice el grado de alteraci\u00f3n del aprendizaje que se experimentar\u00e1 en la edad adulta.<\/p>\n<p>Seg\u00fan otros estudios realizados, cuanto m\u00e1s dif\u00edcil son las experiencias durante la infancia, existe una mayor probabilidad de tener problemas en el desarrollo y la salud, problemas tales como: diabetes, abuso de drogas, depresi\u00f3n, cardiopat\u00edas y un problema preocupante hoy en d\u00eda, problemas de adaptaci\u00f3n.<\/p>\n<p>Un factor que debemos tener muy en cuenta es que nuestro cuerpo, ante una situaci\u00f3n de estr\u00e9s, responde con un aumento de la producci\u00f3n de adrenalina, aumentan las palpitaciones y secreta m\u00e1s hormonas, como por ejemplo el ya mencionado cortisol.<\/p>\n<p>Cuando se produce una situaci\u00f3n de estr\u00e9s prolongada, lo que vamos a conseguir es saturar el cerebro del adolescente, puesto que se ha demostrado que las situaciones prolongadas de estr\u00e9s producen que se disminuyan las conexiones neuronales en importantes zonas del cerebro.<\/p>\n<p>Con todo lo que hemos mencionado anteriormente, \u00bfpor qu\u00e9 hacer ejercicio f\u00edsico ayuda a eliminar el estr\u00e9s?<\/p>\n<div data-block-id=\"block-4d4b9ce3-791d-4251-a201-c0d34740c54c\"><img decoding=\"async\" class=\"ql-img\" src=\"https:\/\/t2520969.p.clickup-attachments.com\/t2520969\/f16f59a3-2ce2-4d0e-ac6a-40ea89f5288d\/estres2.jpg\" data-id=\"f16f59a3-2ce2-4d0e-ac6a-40ea89f5288d.jpg\" \/><\/div>\n<div data-block-id=\"block-5fe05bca-72ff-4f89-ab2d-53d0e470fa4f\">\n<p><strong>\u00bfPor qu\u00e9 hacer ejercicio reduce el estr\u00e9s?<\/strong><\/p>\n<p>A continuaci\u00f3n, vamos a daros cinco motivos:<\/p>\n<p>1. Con el ejercicio conseguimos reducir el nivel de cortisol, que es la hormona que como hemos hablado anteriormente, se libera cuando nos encontramos en una situaci\u00f3n de estr\u00e9s. Al realizar deporte conseguimos la sensaci\u00f3n de bienestar y por tanto conseguimos reducir el estr\u00e9s.<\/p>\n<p>2. Ayuda a disminuir los niveles de ansiedad, la ansiedad provoca que se genere m\u00e1s norepinefrina, que es la hormona del estr\u00e9s, por lo tanto si practicamos deporte podemos reducir ambas situaciones.<\/p>\n<p>3. El deporte es una gran soluci\u00f3n para la depresi\u00f3n y para mejorar nuestro estado de \u00e1nimo, puesto que se consigue reducir esos sentimientos de preocupaci\u00f3n a la par que se consigue aumentar la autoestima, siendo ambos factores importantes para acabar con la depresi\u00f3n y conseguir a la vez mejorar nuestro estado de \u00e1nimo.<\/p>\n<p>4. La frustraci\u00f3n es otro de los grandes problemas relacionados con el estr\u00e9s, puesto que cuando no conseguimos lo que buscamos o nos proponemos, hacen que nuestro cuerpo se tense, y aumente esa sensaci\u00f3n de frustraci\u00f3n. Con el deporte lo que conseguimos es reducir esa tensi\u00f3n, esa frustraci\u00f3n y por lo tanto a la vez, reducir esos niveles de estr\u00e9s.<\/p>\n<p>5. Uno de los puntos m\u00e1s importantes, el deporte siempre se ha relacionado con un aumento de la secreci\u00f3n de endorfinas, y m\u00e1s conocidas como la hormona de la felicidad. Con la realizaci\u00f3n de ejercicio conseguimos aumentar el nivel de endorfinas en nuestro cuerpo y por lo tanto conseguimos todas las mejoras que hemos hablado con m\u00e1s detalle en los puntos anteriores.<\/p>\n<p>Con todo lo que hemos mencionado anteriormente, podemos deducir que las situaciones de estr\u00e9s son cada vez mayores y que no s\u00f3lo se producen por trabajo, tambi\u00e9n se producen por m\u00e1s motivos, y son cada vez m\u00e1s los casos que existen entre la poblaci\u00f3n joven.<\/p>\n<p>Pero no debemos de preocuparnos si organizamos nuestra vida de una forma m\u00e1s saludable, hacer ejercicio y una buena alimentaci\u00f3n, donde os proponemos unas mejoras aqu\u00ed, podemos conseguir reducir y mejorar el problema.<\/p>\n<\/div>\n","protected":false},"excerpt":{"rendered":"<p>Reducir el estr\u00e9s de forma f\u00e1cil se puede conseguir, y depende de nosotros. El estr\u00e9s en la sociedad El estr\u00e9s es cada vez un riesgo mayor para nuestra salud, y m\u00e1s cuando no estamos \u00fanicamente hablando de un estr\u00e9s por trabajo, hablamos de un estr\u00e9s denominado como \u201ct\u00f3xico\u201d, debido a que se produce por situaciones [&hellip;]<\/p>\n","protected":false},"author":1,"featured_media":1162,"comment_status":"closed","ping_status":"closed","sticky":false,"template":"","format":"standard","meta":{"footnotes":""},"categories":[1],"tags":[],"class_list":["post-1160","post","type-post","status-publish","format-standard","has-post-thumbnail","hentry","category-cide"],"yoast_head":"<!-- This site is optimized with the Yoast SEO plugin v27.2 - https:\/\/yoast.com\/product\/yoast-seo-wordpress\/ -->\n<title>C\u00f3mo solucionar el estr\u00e9s en la adolescencia | C\u00e1tedra Innovaci\u00f3n Deportiva Ebone<\/title>\n<meta name=\"robots\" content=\"index, follow, max-snippet:-1, max-image-preview:large, max-video-preview:-1\" \/>\n<link rel=\"canonical\" href=\"https:\/\/ebone.es\/catedra\/como-solucionar-el-estres-en-la-adolescencia\/\" \/>\n<meta property=\"og:locale\" content=\"es_ES\" \/>\n<meta property=\"og:type\" content=\"article\" \/>\n<meta property=\"og:title\" content=\"C\u00f3mo solucionar el estr\u00e9s en la adolescencia | C\u00e1tedra Innovaci\u00f3n Deportiva Ebone\" \/>\n<meta property=\"og:description\" content=\"Reducir el estr\u00e9s de forma f\u00e1cil se puede conseguir, y depende de nosotros. El estr\u00e9s en la sociedad El estr\u00e9s es cada vez un riesgo mayor para nuestra salud, y m\u00e1s cuando no estamos \u00fanicamente hablando de un estr\u00e9s por trabajo, hablamos de un estr\u00e9s denominado como \u201ct\u00f3xico\u201d, debido a que se produce por situaciones [&hellip;]\" \/>\n<meta property=\"og:url\" content=\"https:\/\/ebone.es\/catedra\/como-solucionar-el-estres-en-la-adolescencia\/\" \/>\n<meta property=\"og:site_name\" content=\"C\u00e1tedra Innovaci\u00f3n Deportiva Ebone\" \/>\n<meta property=\"article:published_time\" content=\"2021-03-04T11:45:29+00:00\" \/>\n<meta property=\"article:modified_time\" content=\"2021-04-12T08:26:15+00:00\" \/>\n<meta property=\"og:image\" content=\"https:\/\/ebone.es\/catedra\/wp-content\/uploads\/2021\/03\/EntradaBlog-estres.jpg\" \/>\n\t<meta property=\"og:image:width\" content=\"740\" \/>\n\t<meta property=\"og:image:height\" content=\"500\" \/>\n\t<meta property=\"og:image:type\" content=\"image\/jpeg\" \/>\n<meta name=\"author\" content=\"admin@catedra\" \/>\n<meta name=\"twitter:card\" content=\"summary_large_image\" \/>\n<meta name=\"twitter:label1\" content=\"Escrito por\" \/>\n\t<meta name=\"twitter:data1\" content=\"admin@catedra\" \/>\n\t<meta name=\"twitter:label2\" content=\"Tiempo de lectura\" \/>\n\t<meta name=\"twitter:data2\" content=\"5 minutos\" \/>\n<script type=\"application\/ld+json\" class=\"yoast-schema-graph\">{\"@context\":\"https:\/\/schema.org\",\"@graph\":[{\"@type\":\"Article\",\"@id\":\"https:\/\/ebone.es\/catedra\/como-solucionar-el-estres-en-la-adolescencia\/#article\",\"isPartOf\":{\"@id\":\"https:\/\/ebone.es\/catedra\/como-solucionar-el-estres-en-la-adolescencia\/\"},\"author\":{\"name\":\"admin@catedra\",\"@id\":\"https:\/\/ebone.es\/catedra\/#\/schema\/person\/41c5366ebf1fc063f2685f8cb1e836a6\"},\"headline\":\"C\u00f3mo solucionar el estr\u00e9s en la adolescencia\",\"datePublished\":\"2021-03-04T11:45:29+00:00\",\"dateModified\":\"2021-04-12T08:26:15+00:00\",\"mainEntityOfPage\":{\"@id\":\"https:\/\/ebone.es\/catedra\/como-solucionar-el-estres-en-la-adolescencia\/\"},\"wordCount\":913,\"publisher\":{\"@id\":\"https:\/\/ebone.es\/catedra\/#organization\"},\"image\":{\"@id\":\"https:\/\/ebone.es\/catedra\/como-solucionar-el-estres-en-la-adolescencia\/#primaryimage\"},\"thumbnailUrl\":\"https:\/\/ebone.es\/catedra\/wp-content\/uploads\/2021\/03\/EntradaBlog-estres.jpg\",\"articleSection\":[\"CIDE\"],\"inLanguage\":\"es\"},{\"@type\":\"WebPage\",\"@id\":\"https:\/\/ebone.es\/catedra\/como-solucionar-el-estres-en-la-adolescencia\/\",\"url\":\"https:\/\/ebone.es\/catedra\/como-solucionar-el-estres-en-la-adolescencia\/\",\"name\":\"C\u00f3mo solucionar el estr\u00e9s en la adolescencia | C\u00e1tedra Innovaci\u00f3n Deportiva Ebone\",\"isPartOf\":{\"@id\":\"https:\/\/ebone.es\/catedra\/#website\"},\"primaryImageOfPage\":{\"@id\":\"https:\/\/ebone.es\/catedra\/como-solucionar-el-estres-en-la-adolescencia\/#primaryimage\"},\"image\":{\"@id\":\"https:\/\/ebone.es\/catedra\/como-solucionar-el-estres-en-la-adolescencia\/#primaryimage\"},\"thumbnailUrl\":\"https:\/\/ebone.es\/catedra\/wp-content\/uploads\/2021\/03\/EntradaBlog-estres.jpg\",\"datePublished\":\"2021-03-04T11:45:29+00:00\",\"dateModified\":\"2021-04-12T08:26:15+00:00\",\"breadcrumb\":{\"@id\":\"https:\/\/ebone.es\/catedra\/como-solucionar-el-estres-en-la-adolescencia\/#breadcrumb\"},\"inLanguage\":\"es\",\"potentialAction\":[{\"@type\":\"ReadAction\",\"target\":[\"https:\/\/ebone.es\/catedra\/como-solucionar-el-estres-en-la-adolescencia\/\"]}]},{\"@type\":\"ImageObject\",\"inLanguage\":\"es\",\"@id\":\"https:\/\/ebone.es\/catedra\/como-solucionar-el-estres-en-la-adolescencia\/#primaryimage\",\"url\":\"https:\/\/ebone.es\/catedra\/wp-content\/uploads\/2021\/03\/EntradaBlog-estres.jpg\",\"contentUrl\":\"https:\/\/ebone.es\/catedra\/wp-content\/uploads\/2021\/03\/EntradaBlog-estres.jpg\",\"width\":740,\"height\":500},{\"@type\":\"BreadcrumbList\",\"@id\":\"https:\/\/ebone.es\/catedra\/como-solucionar-el-estres-en-la-adolescencia\/#breadcrumb\",\"itemListElement\":[{\"@type\":\"ListItem\",\"position\":1,\"name\":\"Portada\",\"item\":\"https:\/\/ebone.es\/catedra\/\"},{\"@type\":\"ListItem\",\"position\":2,\"name\":\"C\u00f3mo solucionar el estr\u00e9s en la adolescencia\"}]},{\"@type\":\"WebSite\",\"@id\":\"https:\/\/ebone.es\/catedra\/#website\",\"url\":\"https:\/\/ebone.es\/catedra\/\",\"name\":\"C\u00e1tedra Innovaci\u00f3n Deportiva Ebone\",\"description\":\"\",\"publisher\":{\"@id\":\"https:\/\/ebone.es\/catedra\/#organization\"},\"potentialAction\":[{\"@type\":\"SearchAction\",\"target\":{\"@type\":\"EntryPoint\",\"urlTemplate\":\"https:\/\/ebone.es\/catedra\/?s={search_term_string}\"},\"query-input\":{\"@type\":\"PropertyValueSpecification\",\"valueRequired\":true,\"valueName\":\"search_term_string\"}}],\"inLanguage\":\"es\"},{\"@type\":\"Organization\",\"@id\":\"https:\/\/ebone.es\/catedra\/#organization\",\"name\":\"C\u00e1tedra en Innovaci\u00f3n Deportiva Ebone\",\"url\":\"https:\/\/ebone.es\/catedra\/\",\"logo\":{\"@type\":\"ImageObject\",\"inLanguage\":\"es\",\"@id\":\"https:\/\/ebone.es\/catedra\/#\/schema\/logo\/image\/\",\"url\":\"https:\/\/ebone.es\/catedra\/wp-content\/uploads\/2019\/07\/logo-sticky.png\",\"contentUrl\":\"https:\/\/ebone.es\/catedra\/wp-content\/uploads\/2019\/07\/logo-sticky.png\",\"width\":183,\"height\":51,\"caption\":\"C\u00e1tedra en Innovaci\u00f3n Deportiva Ebone\"},\"image\":{\"@id\":\"https:\/\/ebone.es\/catedra\/#\/schema\/logo\/image\/\"}},{\"@type\":\"Person\",\"@id\":\"https:\/\/ebone.es\/catedra\/#\/schema\/person\/41c5366ebf1fc063f2685f8cb1e836a6\",\"name\":\"admin@catedra\",\"image\":{\"@type\":\"ImageObject\",\"inLanguage\":\"es\",\"@id\":\"https:\/\/secure.gravatar.com\/avatar\/e4682fd1bb16328ad8e87b723e478d68cf9d2053b26b9af87839a2575639ba4f?s=96&d=mm&r=g\",\"url\":\"https:\/\/secure.gravatar.com\/avatar\/e4682fd1bb16328ad8e87b723e478d68cf9d2053b26b9af87839a2575639ba4f?s=96&d=mm&r=g\",\"contentUrl\":\"https:\/\/secure.gravatar.com\/avatar\/e4682fd1bb16328ad8e87b723e478d68cf9d2053b26b9af87839a2575639ba4f?s=96&d=mm&r=g\",\"caption\":\"admin@catedra\"}}]}<\/script>\n<!-- \/ Yoast SEO plugin. -->","yoast_head_json":{"title":"C\u00f3mo solucionar el estr\u00e9s en la adolescencia | C\u00e1tedra Innovaci\u00f3n Deportiva Ebone","robots":{"index":"index","follow":"follow","max-snippet":"max-snippet:-1","max-image-preview":"max-image-preview:large","max-video-preview":"max-video-preview:-1"},"canonical":"https:\/\/ebone.es\/catedra\/como-solucionar-el-estres-en-la-adolescencia\/","og_locale":"es_ES","og_type":"article","og_title":"C\u00f3mo solucionar el estr\u00e9s en la adolescencia | C\u00e1tedra Innovaci\u00f3n Deportiva Ebone","og_description":"Reducir el estr\u00e9s de forma f\u00e1cil se puede conseguir, y depende de nosotros. El estr\u00e9s en la sociedad El estr\u00e9s es cada vez un riesgo mayor para nuestra salud, y m\u00e1s cuando no estamos \u00fanicamente hablando de un estr\u00e9s por trabajo, hablamos de un estr\u00e9s denominado como \u201ct\u00f3xico\u201d, debido a que se produce por situaciones [&hellip;]","og_url":"https:\/\/ebone.es\/catedra\/como-solucionar-el-estres-en-la-adolescencia\/","og_site_name":"C\u00e1tedra Innovaci\u00f3n Deportiva Ebone","article_published_time":"2021-03-04T11:45:29+00:00","article_modified_time":"2021-04-12T08:26:15+00:00","og_image":[{"width":740,"height":500,"url":"https:\/\/ebone.es\/catedra\/wp-content\/uploads\/2021\/03\/EntradaBlog-estres.jpg","type":"image\/jpeg"}],"author":"admin@catedra","twitter_card":"summary_large_image","twitter_misc":{"Escrito por":"admin@catedra","Tiempo de lectura":"5 minutos"},"schema":{"@context":"https:\/\/schema.org","@graph":[{"@type":"Article","@id":"https:\/\/ebone.es\/catedra\/como-solucionar-el-estres-en-la-adolescencia\/#article","isPartOf":{"@id":"https:\/\/ebone.es\/catedra\/como-solucionar-el-estres-en-la-adolescencia\/"},"author":{"name":"admin@catedra","@id":"https:\/\/ebone.es\/catedra\/#\/schema\/person\/41c5366ebf1fc063f2685f8cb1e836a6"},"headline":"C\u00f3mo solucionar el estr\u00e9s en la adolescencia","datePublished":"2021-03-04T11:45:29+00:00","dateModified":"2021-04-12T08:26:15+00:00","mainEntityOfPage":{"@id":"https:\/\/ebone.es\/catedra\/como-solucionar-el-estres-en-la-adolescencia\/"},"wordCount":913,"publisher":{"@id":"https:\/\/ebone.es\/catedra\/#organization"},"image":{"@id":"https:\/\/ebone.es\/catedra\/como-solucionar-el-estres-en-la-adolescencia\/#primaryimage"},"thumbnailUrl":"https:\/\/ebone.es\/catedra\/wp-content\/uploads\/2021\/03\/EntradaBlog-estres.jpg","articleSection":["CIDE"],"inLanguage":"es"},{"@type":"WebPage","@id":"https:\/\/ebone.es\/catedra\/como-solucionar-el-estres-en-la-adolescencia\/","url":"https:\/\/ebone.es\/catedra\/como-solucionar-el-estres-en-la-adolescencia\/","name":"C\u00f3mo solucionar el estr\u00e9s en la adolescencia | C\u00e1tedra Innovaci\u00f3n Deportiva Ebone","isPartOf":{"@id":"https:\/\/ebone.es\/catedra\/#website"},"primaryImageOfPage":{"@id":"https:\/\/ebone.es\/catedra\/como-solucionar-el-estres-en-la-adolescencia\/#primaryimage"},"image":{"@id":"https:\/\/ebone.es\/catedra\/como-solucionar-el-estres-en-la-adolescencia\/#primaryimage"},"thumbnailUrl":"https:\/\/ebone.es\/catedra\/wp-content\/uploads\/2021\/03\/EntradaBlog-estres.jpg","datePublished":"2021-03-04T11:45:29+00:00","dateModified":"2021-04-12T08:26:15+00:00","breadcrumb":{"@id":"https:\/\/ebone.es\/catedra\/como-solucionar-el-estres-en-la-adolescencia\/#breadcrumb"},"inLanguage":"es","potentialAction":[{"@type":"ReadAction","target":["https:\/\/ebone.es\/catedra\/como-solucionar-el-estres-en-la-adolescencia\/"]}]},{"@type":"ImageObject","inLanguage":"es","@id":"https:\/\/ebone.es\/catedra\/como-solucionar-el-estres-en-la-adolescencia\/#primaryimage","url":"https:\/\/ebone.es\/catedra\/wp-content\/uploads\/2021\/03\/EntradaBlog-estres.jpg","contentUrl":"https:\/\/ebone.es\/catedra\/wp-content\/uploads\/2021\/03\/EntradaBlog-estres.jpg","width":740,"height":500},{"@type":"BreadcrumbList","@id":"https:\/\/ebone.es\/catedra\/como-solucionar-el-estres-en-la-adolescencia\/#breadcrumb","itemListElement":[{"@type":"ListItem","position":1,"name":"Portada","item":"https:\/\/ebone.es\/catedra\/"},{"@type":"ListItem","position":2,"name":"C\u00f3mo solucionar el estr\u00e9s en la adolescencia"}]},{"@type":"WebSite","@id":"https:\/\/ebone.es\/catedra\/#website","url":"https:\/\/ebone.es\/catedra\/","name":"C\u00e1tedra Innovaci\u00f3n Deportiva Ebone","description":"","publisher":{"@id":"https:\/\/ebone.es\/catedra\/#organization"},"potentialAction":[{"@type":"SearchAction","target":{"@type":"EntryPoint","urlTemplate":"https:\/\/ebone.es\/catedra\/?s={search_term_string}"},"query-input":{"@type":"PropertyValueSpecification","valueRequired":true,"valueName":"search_term_string"}}],"inLanguage":"es"},{"@type":"Organization","@id":"https:\/\/ebone.es\/catedra\/#organization","name":"C\u00e1tedra en Innovaci\u00f3n Deportiva Ebone","url":"https:\/\/ebone.es\/catedra\/","logo":{"@type":"ImageObject","inLanguage":"es","@id":"https:\/\/ebone.es\/catedra\/#\/schema\/logo\/image\/","url":"https:\/\/ebone.es\/catedra\/wp-content\/uploads\/2019\/07\/logo-sticky.png","contentUrl":"https:\/\/ebone.es\/catedra\/wp-content\/uploads\/2019\/07\/logo-sticky.png","width":183,"height":51,"caption":"C\u00e1tedra en Innovaci\u00f3n Deportiva Ebone"},"image":{"@id":"https:\/\/ebone.es\/catedra\/#\/schema\/logo\/image\/"}},{"@type":"Person","@id":"https:\/\/ebone.es\/catedra\/#\/schema\/person\/41c5366ebf1fc063f2685f8cb1e836a6","name":"admin@catedra","image":{"@type":"ImageObject","inLanguage":"es","@id":"https:\/\/secure.gravatar.com\/avatar\/e4682fd1bb16328ad8e87b723e478d68cf9d2053b26b9af87839a2575639ba4f?s=96&d=mm&r=g","url":"https:\/\/secure.gravatar.com\/avatar\/e4682fd1bb16328ad8e87b723e478d68cf9d2053b26b9af87839a2575639ba4f?s=96&d=mm&r=g","contentUrl":"https:\/\/secure.gravatar.com\/avatar\/e4682fd1bb16328ad8e87b723e478d68cf9d2053b26b9af87839a2575639ba4f?s=96&d=mm&r=g","caption":"admin@catedra"}}]}},"_links":{"self":[{"href":"https:\/\/ebone.es\/catedra\/wp-json\/wp\/v2\/posts\/1160","targetHints":{"allow":["GET"]}}],"collection":[{"href":"https:\/\/ebone.es\/catedra\/wp-json\/wp\/v2\/posts"}],"about":[{"href":"https:\/\/ebone.es\/catedra\/wp-json\/wp\/v2\/types\/post"}],"author":[{"embeddable":true,"href":"https:\/\/ebone.es\/catedra\/wp-json\/wp\/v2\/users\/1"}],"replies":[{"embeddable":true,"href":"https:\/\/ebone.es\/catedra\/wp-json\/wp\/v2\/comments?post=1160"}],"version-history":[{"count":7,"href":"https:\/\/ebone.es\/catedra\/wp-json\/wp\/v2\/posts\/1160\/revisions"}],"predecessor-version":[{"id":1264,"href":"https:\/\/ebone.es\/catedra\/wp-json\/wp\/v2\/posts\/1160\/revisions\/1264"}],"wp:featuredmedia":[{"embeddable":true,"href":"https:\/\/ebone.es\/catedra\/wp-json\/wp\/v2\/media\/1162"}],"wp:attachment":[{"href":"https:\/\/ebone.es\/catedra\/wp-json\/wp\/v2\/media?parent=1160"}],"wp:term":[{"taxonomy":"category","embeddable":true,"href":"https:\/\/ebone.es\/catedra\/wp-json\/wp\/v2\/categories?post=1160"},{"taxonomy":"post_tag","embeddable":true,"href":"https:\/\/ebone.es\/catedra\/wp-json\/wp\/v2\/tags?post=1160"}],"curies":[{"name":"wp","href":"https:\/\/api.w.org\/{rel}","templated":true}]}}